{"id":2793,"date":"2023-02-20T21:32:04","date_gmt":"2023-02-20T21:32:04","guid":{"rendered":"https:\/\/arco.camadeira.com\/?p=2793"},"modified":"2023-02-25T09:06:11","modified_gmt":"2023-02-25T09:06:11","slug":"5-a-prova-regional-de-sala-santana-26-fev-2023","status":"publish","type":"post","link":"https:\/\/arco.camadeira.com\/?p=2793","title":{"rendered":"5.\u00aa Prova Regional de Sala &#8211; Santana &#8211; 26 Fev. 2023"},"content":{"rendered":"<p>A 5.\u00aa Prova Regional de Sala est\u00e1 agendada para dia 26 de fevereiro de 2023, para o pavilh\u00e3o de Santana, com organiza\u00e7\u00e3o do Clube Aventura da Madeira.<\/p>\n<p>A data limite de inscri\u00e7\u00f5es \u00e9 quinta-feira, 23 de fevereiro de 2023.<\/p>\n<ul>\n<li><a href=\"http:\/\/arco.camadeira.com\/wp-content\/uploads\/2023\/02\/Posic\u0327o\u0303es-5.a-prova-TA-Sala-26-FEV2022.pdf\">Posic\u0327o\u0303es 5.\u00aa prova TA-Sala 26 FEV2022<\/a><\/li>\n<li><a href=\"http:\/\/arco.camadeira.com\/wp-content\/uploads\/2023\/02\/Regulamento-5.a-Prova-Regional-de-Sala-26-fev2023Final.pdf\">Regulamento 5.\u00aa Prova Regional de Sala &#8211; 26 fev2023Final<\/a><\/li>\n<li><a href=\"https:\/\/docs.google.com\/forms\/d\/e\/1FAIpQLSdIc5p_e10hB1KXCj41dJZlP6NLgMrWQ46R2v4nH2wxQ67xqQ\/viewform\" target=\"_blank\" rel=\"noopener\"><strong>INSCRI\u00c7\u00d5ES<\/strong><\/a><\/li>\n<\/ul>\n\n\n<p><\/p>\n","protected":false},"excerpt":{"rendered":"<p>A 5.\u00aa Prova Regional de Sala est\u00e1 agendada para dia 26 de fevereiro de 2023, para o pavilh\u00e3o de Santana, com organiza\u00e7\u00e3o do Clube Aventura da Madeira. A data limite de inscri\u00e7\u00f5es \u00e9 quinta-feira, 23 de fevereiro de 2023. Posic\u0327o\u0303es 5.\u00aa prova TA-Sala 26 FEV2022 Regulamento 5.\u00aa Prova Regional de Sala &#8211; 26 fev2023Final INSCRI\u00c7\u00d5ES<\/p>\n","protected":false},"author":1,"featured_media":0,"comment_status":"closed","ping_status":"open","sticky":false,"template":"","format":"standard","meta":[],"categories":[1],"tags":[],"_links":{"self":[{"href":"https:\/\/arco.camadeira.com\/index.php?rest_route=\/wp\/v2\/posts\/2793"}],"collection":[{"href":"https:\/\/arco.camadeira.com\/index.php?rest_route=\/wp\/v2\/posts"}],"about":[{"href":"https:\/\/arco.camadeira.com\/index.php?rest_route=\/wp\/v2\/types\/post"}],"author":[{"embeddable":true,"href":"https:\/\/arco.camadeira.com\/index.php?rest_route=\/wp\/v2\/users\/1"}],"replies":[{"embeddable":true,"href":"https:\/\/arco.camadeira.com\/index.php?rest_route=%2Fwp%2Fv2%2Fcomments&post=2793"}],"version-history":[{"count":3,"href":"https:\/\/arco.camadeira.com\/index.php?rest_route=\/wp\/v2\/posts\/2793\/revisions"}],"predecessor-version":[{"id":2801,"href":"https:\/\/arco.camadeira.com\/index.php?rest_route=\/wp\/v2\/posts\/2793\/revisions\/2801"}],"wp:attachment":[{"href":"https:\/\/arco.camadeira.com\/index.php?rest_route=%2Fwp%2Fv2%2Fmedia&parent=2793"}],"wp:term":[{"taxonomy":"category","embeddable":true,"href":"https:\/\/arco.camadeira.com\/index.php?rest_route=%2Fwp%2Fv2%2Fcategories&post=2793"},{"taxonomy":"post_tag","embeddable":true,"href":"https:\/\/arco.camadeira.com\/index.php?rest_route=%2Fwp%2Fv2%2Ftags&post=2793"}],"curies":[{"name":"wp","href":"https:\/\/api.w.org\/{rel}","templated":true}]}}