{"id":1499,"date":"2019-10-24T10:52:21","date_gmt":"2019-10-24T10:52:21","guid":{"rendered":"http:\/\/arco.camadeira.com\/?p=1499"},"modified":"2019-10-24T12:04:19","modified_gmt":"2019-10-24T12:04:19","slug":"arqueiros-do-clube-aventura-da-madeira-competiram-na-amadora-no-campeonato-nacional","status":"publish","type":"post","link":"https:\/\/arco.camadeira.com\/?p=1499","title":{"rendered":"Arqueiros do Clube Aventura da Madeira competiram na Amadora no Campeonato Nacional"},"content":{"rendered":"<p><strong>Eug\u00e9nia Azevedo em destaque na 4.\u00aa posi\u00e7\u00e3o dos Seniores Femininos<\/strong><\/p>\n<p>Eug\u00e9nia Azevedo, Sid\u00f3nio Jesus e Dion\u00edsio Sousa marcaram presen\u00e7a na primeira prova do Campeonato nacional de Tiro Com Arco em Sala, que decorreu na Amadora, no passado domingo, 20 de outubro de 2019.<\/p>\n<p>A organiza\u00e7\u00e3o do Real Sport Clube contou com a participa\u00e7\u00e3o de 14 clubes e 120 arqueiros que foram distribu\u00eddos por dois Open, ap\u00f3s os quais realizaram-se as eliminat\u00f3rias e finais.<\/p>\n<p>Na competi\u00e7\u00e3o masculina de arco recurvo, Sid\u00f3nio Jesus obteve 492 pontos, pontua\u00e7\u00e3o que n\u00e3o foi suficiente para atingir as eliminat\u00f3rias, valendo a 16.\u00aa posi\u00e7\u00e3o da geral. Dion\u00edsio Sousa somou 476 pontos que corresponderam \u00e0 18.\u00aa posi\u00e7\u00e3o da geral.<\/p>\n<p>Eug\u00e9nia Azevedo foi 4.\u00aa na classifica\u00e7\u00e3o final da 1.\u00aa prova do Campeonato Nacional de Sala, . Obteve a 4.\u00aa posi\u00e7\u00e3o no Open e ultrapassou a sua\u00a0advers\u00e1ria nos quartos de final, tendo perdido a meia final para a vencedora da prova e depois, a disputa do 3.\u00ba e 4.\u00ba lugar, n\u00e3o ter corrido da melhor forma apesar de ainda ter vencido um dos confrontos de 3 flechas.<\/p>\n<p><a href=\"http:\/\/arco.camadeira.com\/wp-content\/uploads\/2019\/10\/received_2526854300701015.jpeg\"><img loading=\"lazy\" class=\"alignnone size-full wp-image-1500\" src=\"http:\/\/arco.camadeira.com\/wp-content\/uploads\/2019\/10\/received_2526854300701015.jpeg\" alt=\"received_2526854300701015\" width=\"957\" height=\"1275\" srcset=\"https:\/\/arco.camadeira.com\/wp-content\/uploads\/2019\/10\/received_2526854300701015.jpeg 957w, https:\/\/arco.camadeira.com\/wp-content\/uploads\/2019\/10\/received_2526854300701015-225x300.jpeg 225w, https:\/\/arco.camadeira.com\/wp-content\/uploads\/2019\/10\/received_2526854300701015-768x1024.jpeg 768w\" sizes=\"(max-width: 957px) 100vw, 957px\" \/><\/a><\/p>\n<p><a href=\"http:\/\/arco.camadeira.com\/wp-content\/uploads\/2019\/10\/eugenia.jpg\"><img loading=\"lazy\" class=\"alignnone size-full wp-image-1506\" src=\"http:\/\/arco.camadeira.com\/wp-content\/uploads\/2019\/10\/eugenia.jpg\" alt=\"eugenia\" width=\"794\" height=\"582\" srcset=\"https:\/\/arco.camadeira.com\/wp-content\/uploads\/2019\/10\/eugenia.jpg 794w, https:\/\/arco.camadeira.com\/wp-content\/uploads\/2019\/10\/eugenia-300x219.jpg 300w\" sizes=\"(max-width: 794px) 100vw, 794px\" \/><\/a><a href=\"http:\/\/arco.camadeira.com\/wp-content\/uploads\/2019\/10\/sidonio-arco.jpeg\"><img loading=\"lazy\" class=\"alignnone size-full wp-image-1501\" src=\"http:\/\/arco.camadeira.com\/wp-content\/uploads\/2019\/10\/sidonio-arco.jpeg\" alt=\"sidonio arco\" width=\"957\" height=\"1275\" srcset=\"https:\/\/arco.camadeira.com\/wp-content\/uploads\/2019\/10\/sidonio-arco.jpeg 957w, https:\/\/arco.camadeira.com\/wp-content\/uploads\/2019\/10\/sidonio-arco-225x300.jpeg 225w, https:\/\/arco.camadeira.com\/wp-content\/uploads\/2019\/10\/sidonio-arco-768x1024.jpeg 768w\" sizes=\"(max-width: 957px) 100vw, 957px\" \/><\/a><\/p>\n<p><a href=\"http:\/\/arco.camadeira.com\/wp-content\/uploads\/2019\/10\/dionisio-arco.jpeg\"><img loading=\"lazy\" class=\"alignnone size-full wp-image-1502\" src=\"http:\/\/arco.camadeira.com\/wp-content\/uploads\/2019\/10\/dionisio-arco.jpeg\" alt=\"dionisio arco\" width=\"957\" height=\"1275\" srcset=\"https:\/\/arco.camadeira.com\/wp-content\/uploads\/2019\/10\/dionisio-arco.jpeg 957w, https:\/\/arco.camadeira.com\/wp-content\/uploads\/2019\/10\/dionisio-arco-225x300.jpeg 225w, https:\/\/arco.camadeira.com\/wp-content\/uploads\/2019\/10\/dionisio-arco-768x1024.jpeg 768w\" sizes=\"(max-width: 957px) 100vw, 957px\" \/><\/a><\/p>\n","protected":false},"excerpt":{"rendered":"<p>Eug\u00e9nia Azevedo em destaque na 4.\u00aa posi\u00e7\u00e3o dos Seniores Femininos Eug\u00e9nia Azevedo, Sid\u00f3nio Jesus e Dion\u00edsio Sousa marcaram presen\u00e7a na primeira prova do Campeonato nacional de Tiro Com Arco em Sala, que decorreu na Amadora, no passado domingo, 20 de outubro de 2019. A organiza\u00e7\u00e3o do Real Sport Clube contou com a participa\u00e7\u00e3o de 14 &hellip; <\/p>\n<p><a class=\"more-link block-button\" href=\"https:\/\/arco.camadeira.com\/?p=1499\">Continue a ler &raquo;<\/a><\/p>\n","protected":false},"author":1,"featured_media":0,"comment_status":"closed","ping_status":"open","sticky":false,"template":"","format":"standard","meta":[],"categories":[1],"tags":[],"_links":{"self":[{"href":"https:\/\/arco.camadeira.com\/index.php?rest_route=\/wp\/v2\/posts\/1499"}],"collection":[{"href":"https:\/\/arco.camadeira.com\/index.php?rest_route=\/wp\/v2\/posts"}],"about":[{"href":"https:\/\/arco.camadeira.com\/index.php?rest_route=\/wp\/v2\/types\/post"}],"author":[{"embeddable":true,"href":"https:\/\/arco.camadeira.com\/index.php?rest_route=\/wp\/v2\/users\/1"}],"replies":[{"embeddable":true,"href":"https:\/\/arco.camadeira.com\/index.php?rest_route=%2Fwp%2Fv2%2Fcomments&post=1499"}],"version-history":[{"count":5,"href":"https:\/\/arco.camadeira.com\/index.php?rest_route=\/wp\/v2\/posts\/1499\/revisions"}],"predecessor-version":[{"id":1508,"href":"https:\/\/arco.camadeira.com\/index.php?rest_route=\/wp\/v2\/posts\/1499\/revisions\/1508"}],"wp:attachment":[{"href":"https:\/\/arco.camadeira.com\/index.php?rest_route=%2Fwp%2Fv2%2Fmedia&parent=1499"}],"wp:term":[{"taxonomy":"category","embeddable":true,"href":"https:\/\/arco.camadeira.com\/index.php?rest_route=%2Fwp%2Fv2%2Fcategories&post=1499"},{"taxonomy":"post_tag","embeddable":true,"href":"https:\/\/arco.camadeira.com\/index.php?rest_route=%2Fwp%2Fv2%2Ftags&post=1499"}],"curies":[{"name":"wp","href":"https:\/\/api.w.org\/{rel}","templated":true}]}}