{"id":3757,"date":"2025-11-06T14:50:27","date_gmt":"2025-11-06T14:50:27","guid":{"rendered":"https:\/\/arco.camadeira.com\/?p=3757"},"modified":"2025-11-14T20:07:39","modified_gmt":"2025-11-14T20:07:39","slug":"1-a-prova-sala-tiro-com-arco-16-novembro-2025","status":"publish","type":"post","link":"http:\/\/arco.camadeira.com\/?p=3757","title":{"rendered":"1.\u00aa Prova Sala &#8211; Tiro com Arco  &#8211; 16 Novembro 2025"},"content":{"rendered":"<p>As inscri\u00e7\u00f5es para a 1.\u00aa Prova Regional de Tiro com Arco em Sala est\u00e3o a decorrer at\u00e9 dia 12 de novembro,<\/p>\n<p>A prova est\u00e1 prevista decorrer no dia 16 de novembro de 2025, no pavilh\u00e3o de Santana, com\u00a0 o in\u00edcio da competi\u00e7\u00e3o agendado para as 10h00.<\/p>\n<ul>\n<li><strong><a href=\"http:\/\/arco.camadeira.com\/wp-content\/uploads\/2025\/11\/Regulamento-1.a-Prova-Sala-2024-2025.pdf\">Regulamento 1.\u00aa Prova Sala 2024-2025<\/a><\/strong><\/li>\n<li><a href=\"http:\/\/arco.camadeira.com\/wp-content\/uploads\/2025\/11\/Lista-Posicoes-1.a-Prova-Sala-16-Nov2025.pdf\">Lista Posi\u00e7\u00f5es 1.\u00aa Prova Sala &#8211; 16 Nov2025<\/a><\/li>\n<\/ul>\n<p><a href=\"http:\/\/arco.camadeira.com\/wp-content\/uploads\/2025\/11\/cartaz-tiro-com-arco16-nov-2025-scaled.jpg\"><img loading=\"lazy\" class=\"alignnone size-full wp-image-3765\" src=\"http:\/\/arco.camadeira.com\/wp-content\/uploads\/2025\/11\/cartaz-tiro-com-arco16-nov-2025-scaled.jpg\" alt=\"\" width=\"1950\" height=\"2560\" srcset=\"http:\/\/arco.camadeira.com\/wp-content\/uploads\/2025\/11\/cartaz-tiro-com-arco16-nov-2025-scaled.jpg 1950w, http:\/\/arco.camadeira.com\/wp-content\/uploads\/2025\/11\/cartaz-tiro-com-arco16-nov-2025-229x300.jpg 229w, http:\/\/arco.camadeira.com\/wp-content\/uploads\/2025\/11\/cartaz-tiro-com-arco16-nov-2025-780x1024.jpg 780w, http:\/\/arco.camadeira.com\/wp-content\/uploads\/2025\/11\/cartaz-tiro-com-arco16-nov-2025-768x1008.jpg 768w, http:\/\/arco.camadeira.com\/wp-content\/uploads\/2025\/11\/cartaz-tiro-com-arco16-nov-2025-1170x1536.jpg 1170w, http:\/\/arco.camadeira.com\/wp-content\/uploads\/2025\/11\/cartaz-tiro-com-arco16-nov-2025-1560x2048.jpg 1560w\" sizes=\"(max-width: 1950px) 100vw, 1950px\" \/><\/a><\/p>\n","protected":false},"excerpt":{"rendered":"<p>As inscri\u00e7\u00f5es para a 1.\u00aa Prova Regional de Tiro com Arco em Sala est\u00e3o a decorrer at\u00e9 dia 12 de novembro, A prova est\u00e1 prevista decorrer no dia 16 de novembro de 2025, no pavilh\u00e3o de Santana, com\u00a0 o in\u00edcio da competi\u00e7\u00e3o agendado para as 10h00. Regulamento 1.\u00aa Prova Sala 2024-2025 Lista Posi\u00e7\u00f5es 1.\u00aa Prova &hellip; <\/p>\n<p><a class=\"more-link block-button\" href=\"http:\/\/arco.camadeira.com\/?p=3757\">Continue a ler &raquo;<\/a><\/p>\n","protected":false},"author":1,"featured_media":0,"comment_status":"closed","ping_status":"open","sticky":false,"template":"","format":"standard","meta":[],"categories":[1],"tags":[],"_links":{"self":[{"href":"http:\/\/arco.camadeira.com\/index.php?rest_route=\/wp\/v2\/posts\/3757"}],"collection":[{"href":"http:\/\/arco.camadeira.com\/index.php?rest_route=\/wp\/v2\/posts"}],"about":[{"href":"http:\/\/arco.camadeira.com\/index.php?rest_route=\/wp\/v2\/types\/post"}],"author":[{"embeddable":true,"href":"http:\/\/arco.camadeira.com\/index.php?rest_route=\/wp\/v2\/users\/1"}],"replies":[{"embeddable":true,"href":"http:\/\/arco.camadeira.com\/index.php?rest_route=%2Fwp%2Fv2%2Fcomments&post=3757"}],"version-history":[{"count":6,"href":"http:\/\/arco.camadeira.com\/index.php?rest_route=\/wp\/v2\/posts\/3757\/revisions"}],"predecessor-version":[{"id":3773,"href":"http:\/\/arco.camadeira.com\/index.php?rest_route=\/wp\/v2\/posts\/3757\/revisions\/3773"}],"wp:attachment":[{"href":"http:\/\/arco.camadeira.com\/index.php?rest_route=%2Fwp%2Fv2%2Fmedia&parent=3757"}],"wp:term":[{"taxonomy":"category","embeddable":true,"href":"http:\/\/arco.camadeira.com\/index.php?rest_route=%2Fwp%2Fv2%2Fcategories&post=3757"},{"taxonomy":"post_tag","embeddable":true,"href":"http:\/\/arco.camadeira.com\/index.php?rest_route=%2Fwp%2Fv2%2Ftags&post=3757"}],"curies":[{"name":"wp","href":"https:\/\/api.w.org\/{rel}","templated":true}]}}