{"id":3705,"date":"2025-06-22T23:59:40","date_gmt":"2025-06-22T23:59:40","guid":{"rendered":"https:\/\/arco.camadeira.com\/?p=3705"},"modified":"2025-06-30T11:14:44","modified_gmt":"2025-06-30T11:14:44","slug":"6-a-prova-regional-de-campo-28-junho-2025","status":"publish","type":"post","link":"http:\/\/arco.camadeira.com\/?p=3705","title":{"rendered":"6.\u00aa Prova Regional de Campo &#8211; 28 Junho 2025"},"content":{"rendered":"<p>O Clube Aventura da Madeira est\u00e1 a organizar a 6.\u00aa Prova Regional de Campo, prevista decorrer no s\u00e1bado, 28 de junho de 2025.<\/p>\n<p>As inscri\u00e7\u00f5es est\u00e3o a decorrer at\u00e9 dia 26 de Junho<\/p>\n<ul>\n<li><a href=\"http:\/\/arco.camadeira.com\/wp-content\/uploads\/2025\/06\/Posicoes-6.a-Prova-de-Campo-28jun-Final-1.pdf\">Posi\u00e7\u00f5es 6.\u00aa Prova de Campo 28jun Final<\/a><\/li>\n<li><a href=\"http:\/\/arco.camadeira.com\/wp-content\/uploads\/2025\/06\/Regulamento-6.a-Prova-CAMPO-2025.pdf\" target=\"_blank\" rel=\"noopener\">Regulamento 6.\u00aa Prova &#8211; CAMPO 2025<\/a><\/li>\n<\/ul>\n<p><a href=\"http:\/\/arco.camadeira.com\/wp-content\/uploads\/2025\/06\/cartaz-tiro-com-arco28-Junho-2025-scaled.jpg\"><img loading=\"lazy\" class=\"alignnone size-full wp-image-3709\" src=\"http:\/\/arco.camadeira.com\/wp-content\/uploads\/2025\/06\/cartaz-tiro-com-arco28-Junho-2025-scaled.jpg\" alt=\"\" width=\"2208\" height=\"2560\" srcset=\"http:\/\/arco.camadeira.com\/wp-content\/uploads\/2025\/06\/cartaz-tiro-com-arco28-Junho-2025-scaled.jpg 2208w, http:\/\/arco.camadeira.com\/wp-content\/uploads\/2025\/06\/cartaz-tiro-com-arco28-Junho-2025-259x300.jpg 259w, http:\/\/arco.camadeira.com\/wp-content\/uploads\/2025\/06\/cartaz-tiro-com-arco28-Junho-2025-883x1024.jpg 883w, http:\/\/arco.camadeira.com\/wp-content\/uploads\/2025\/06\/cartaz-tiro-com-arco28-Junho-2025-768x891.jpg 768w, http:\/\/arco.camadeira.com\/wp-content\/uploads\/2025\/06\/cartaz-tiro-com-arco28-Junho-2025-1325x1536.jpg 1325w, http:\/\/arco.camadeira.com\/wp-content\/uploads\/2025\/06\/cartaz-tiro-com-arco28-Junho-2025-1766x2048.jpg 1766w\" sizes=\"(max-width: 2208px) 100vw, 2208px\" \/><\/a><\/p>\n","protected":false},"excerpt":{"rendered":"<p>O Clube Aventura da Madeira est\u00e1 a organizar a 6.\u00aa Prova Regional de Campo, prevista decorrer no s\u00e1bado, 28 de junho de 2025. As inscri\u00e7\u00f5es est\u00e3o a decorrer at\u00e9 dia 26 de Junho Posi\u00e7\u00f5es 6.\u00aa Prova de Campo 28jun Final Regulamento 6.\u00aa Prova &#8211; CAMPO 2025<\/p>\n","protected":false},"author":1,"featured_media":0,"comment_status":"closed","ping_status":"open","sticky":false,"template":"","format":"standard","meta":[],"categories":[1],"tags":[],"_links":{"self":[{"href":"http:\/\/arco.camadeira.com\/index.php?rest_route=\/wp\/v2\/posts\/3705"}],"collection":[{"href":"http:\/\/arco.camadeira.com\/index.php?rest_route=\/wp\/v2\/posts"}],"about":[{"href":"http:\/\/arco.camadeira.com\/index.php?rest_route=\/wp\/v2\/types\/post"}],"author":[{"embeddable":true,"href":"http:\/\/arco.camadeira.com\/index.php?rest_route=\/wp\/v2\/users\/1"}],"replies":[{"embeddable":true,"href":"http:\/\/arco.camadeira.com\/index.php?rest_route=%2Fwp%2Fv2%2Fcomments&post=3705"}],"version-history":[{"count":7,"href":"http:\/\/arco.camadeira.com\/index.php?rest_route=\/wp\/v2\/posts\/3705\/revisions"}],"predecessor-version":[{"id":3718,"href":"http:\/\/arco.camadeira.com\/index.php?rest_route=\/wp\/v2\/posts\/3705\/revisions\/3718"}],"wp:attachment":[{"href":"http:\/\/arco.camadeira.com\/index.php?rest_route=%2Fwp%2Fv2%2Fmedia&parent=3705"}],"wp:term":[{"taxonomy":"category","embeddable":true,"href":"http:\/\/arco.camadeira.com\/index.php?rest_route=%2Fwp%2Fv2%2Fcategories&post=3705"},{"taxonomy":"post_tag","embeddable":true,"href":"http:\/\/arco.camadeira.com\/index.php?rest_route=%2Fwp%2Fv2%2Ftags&post=3705"}],"curies":[{"name":"wp","href":"https:\/\/api.w.org\/{rel}","templated":true}]}}