{"id":2325,"date":"2022-01-21T16:44:11","date_gmt":"2022-01-21T16:44:11","guid":{"rendered":"http:\/\/arco.camadeira.com\/?p=2325"},"modified":"2022-01-28T20:26:34","modified_gmt":"2022-01-28T20:26:34","slug":"5-a-prova-regional-de-sala-arco-recurvo-29-janeiro-2022-pavihao-de-santana","status":"publish","type":"post","link":"http:\/\/arco.camadeira.com\/?p=2325","title":{"rendered":"5.\u00aa Prova Regional de Sala &#8211; Arco Recurvo &#8211; 29 Janeiro 2022 &#8211; Pavih\u00e3o de Santana"},"content":{"rendered":"<p>Informa-se a todos os interessados, que a 5.\u00aa prova do Campeonato Regional de Sala, ir\u00e1 decorrer na manh\u00e3 de s\u00e1bado, 29 de janeiro de 2022, no pavilh\u00e3o de Santana. As inscri\u00e7\u00f5es est\u00e3o dispon\u00edveis at\u00e9 dia 26 de janeiro de 2022.<\/p>\n<ul>\n<li><a href=\"http:\/\/arco.camadeira.com\/wp-content\/uploads\/2022\/01\/Posicoes-5.a-Prova-Sala-21-22-2.pdf\">Posi\u00e7\u00f5es 5.\u00aa Prova Sala 21-22<\/a><\/li>\n<li><a href=\"http:\/\/arco.camadeira.com\/wp-content\/uploads\/2022\/01\/Regulamento-5.a-Prova-Sala-29-jan-2022.pdf\">Regulamento &#8211; 5.\u00aa Prova Sala 29 jan 2022<\/a><\/li>\n<li><a href=\"https:\/\/docs.google.com\/forms\/d\/e\/1FAIpQLSdIc5p_e10hB1KXCj41dJZlP6NLgMrWQ46R2v4nH2wxQ67xqQ\/viewform\" target=\"_blank\" rel=\"noopener\">Inscri\u00e7\u00f5es<\/a><\/li>\n<\/ul>\n<p><a href=\"http:\/\/arco.camadeira.com\/wp-content\/uploads\/2022\/01\/cartaz-tiro-com-arco-29-Janeiro-2022inst-scaled.jpg\"><img loading=\"lazy\" class=\"alignnone wp-image-2334 size-full\" src=\"http:\/\/arco.camadeira.com\/wp-content\/uploads\/2022\/01\/cartaz-tiro-com-arco-29-Janeiro-2022inst-scaled.jpg\" alt=\"\" width=\"2031\" height=\"2560\" srcset=\"http:\/\/arco.camadeira.com\/wp-content\/uploads\/2022\/01\/cartaz-tiro-com-arco-29-Janeiro-2022inst-scaled.jpg 2031w, http:\/\/arco.camadeira.com\/wp-content\/uploads\/2022\/01\/cartaz-tiro-com-arco-29-Janeiro-2022inst-238x300.jpg 238w, http:\/\/arco.camadeira.com\/wp-content\/uploads\/2022\/01\/cartaz-tiro-com-arco-29-Janeiro-2022inst-812x1024.jpg 812w, http:\/\/arco.camadeira.com\/wp-content\/uploads\/2022\/01\/cartaz-tiro-com-arco-29-Janeiro-2022inst-768x968.jpg 768w, http:\/\/arco.camadeira.com\/wp-content\/uploads\/2022\/01\/cartaz-tiro-com-arco-29-Janeiro-2022inst-1219x1536.jpg 1219w, http:\/\/arco.camadeira.com\/wp-content\/uploads\/2022\/01\/cartaz-tiro-com-arco-29-Janeiro-2022inst-1625x2048.jpg 1625w\" sizes=\"(max-width: 2031px) 100vw, 2031px\" \/><\/a><\/p>\n\n\n<p><\/p>\n","protected":false},"excerpt":{"rendered":"<p>Informa-se a todos os interessados, que a 5.\u00aa prova do Campeonato Regional de Sala, ir\u00e1 decorrer na manh\u00e3 de s\u00e1bado, 29 de janeiro de 2022, no pavilh\u00e3o de Santana. As inscri\u00e7\u00f5es est\u00e3o dispon\u00edveis at\u00e9 dia 26 de janeiro de 2022. Posi\u00e7\u00f5es 5.\u00aa Prova Sala 21-22 Regulamento &#8211; 5.\u00aa Prova Sala 29 jan 2022 Inscri\u00e7\u00f5es<\/p>\n","protected":false},"author":1,"featured_media":0,"comment_status":"closed","ping_status":"open","sticky":false,"template":"","format":"standard","meta":[],"categories":[1],"tags":[],"_links":{"self":[{"href":"http:\/\/arco.camadeira.com\/index.php?rest_route=\/wp\/v2\/posts\/2325"}],"collection":[{"href":"http:\/\/arco.camadeira.com\/index.php?rest_route=\/wp\/v2\/posts"}],"about":[{"href":"http:\/\/arco.camadeira.com\/index.php?rest_route=\/wp\/v2\/types\/post"}],"author":[{"embeddable":true,"href":"http:\/\/arco.camadeira.com\/index.php?rest_route=\/wp\/v2\/users\/1"}],"replies":[{"embeddable":true,"href":"http:\/\/arco.camadeira.com\/index.php?rest_route=%2Fwp%2Fv2%2Fcomments&post=2325"}],"version-history":[{"count":8,"href":"http:\/\/arco.camadeira.com\/index.php?rest_route=\/wp\/v2\/posts\/2325\/revisions"}],"predecessor-version":[{"id":2344,"href":"http:\/\/arco.camadeira.com\/index.php?rest_route=\/wp\/v2\/posts\/2325\/revisions\/2344"}],"wp:attachment":[{"href":"http:\/\/arco.camadeira.com\/index.php?rest_route=%2Fwp%2Fv2%2Fmedia&parent=2325"}],"wp:term":[{"taxonomy":"category","embeddable":true,"href":"http:\/\/arco.camadeira.com\/index.php?rest_route=%2Fwp%2Fv2%2Fcategories&post=2325"},{"taxonomy":"post_tag","embeddable":true,"href":"http:\/\/arco.camadeira.com\/index.php?rest_route=%2Fwp%2Fv2%2Ftags&post=2325"}],"curies":[{"name":"wp","href":"https:\/\/api.w.org\/{rel}","templated":true}]}}