{"id":2070,"date":"2021-08-24T12:07:30","date_gmt":"2021-08-24T12:07:30","guid":{"rendered":"http:\/\/arco.camadeira.com\/?p=2070"},"modified":"2021-08-24T12:57:39","modified_gmt":"2021-08-24T12:57:39","slug":"luis-silva-eugenia-azevedo-emily-baglioni-em-destaque-na-8-a-prova-de-sala-22-agosto","status":"publish","type":"post","link":"http:\/\/arco.camadeira.com\/?p=2070","title":{"rendered":"Lu\u00eds Silva, Eug\u00e9nia Azevedo, Emily Baglioni em destaque na 8.\u00aa Prova de Sala 2021"},"content":{"rendered":"<p>A 8.\u00aa Prova do Campeonato Regional de Tiro Com Arco em Sala disputou-se no pavilh\u00e3o da Ribeira Brava, no passado domingo, 22 de agosto, com a participa\u00e7\u00e3o de 13 arqueiros. A prova disputou no formato Open sem eliminat\u00f3rias, com os arqueiros a atirar 60 flechas, para um m\u00e1ximo de 600 pontos poss\u00edveis.<\/p>\n<p><a href=\"http:\/\/arco.camadeira.com\/wp-content\/uploads\/2021\/08\/arco22agosto-scaled.jpg\"><img loading=\"lazy\" class=\"alignnone size-full wp-image-2080\" src=\"http:\/\/arco.camadeira.com\/wp-content\/uploads\/2021\/08\/arco22agosto-scaled.jpg\" alt=\"\" width=\"2560\" height=\"805\" srcset=\"http:\/\/arco.camadeira.com\/wp-content\/uploads\/2021\/08\/arco22agosto-scaled.jpg 2560w, http:\/\/arco.camadeira.com\/wp-content\/uploads\/2021\/08\/arco22agosto-300x94.jpg 300w, http:\/\/arco.camadeira.com\/wp-content\/uploads\/2021\/08\/arco22agosto-1024x322.jpg 1024w, http:\/\/arco.camadeira.com\/wp-content\/uploads\/2021\/08\/arco22agosto-768x241.jpg 768w, http:\/\/arco.camadeira.com\/wp-content\/uploads\/2021\/08\/arco22agosto-1536x483.jpg 1536w, http:\/\/arco.camadeira.com\/wp-content\/uploads\/2021\/08\/arco22agosto-2048x644.jpg 2048w\" sizes=\"(max-width: 2560px) 100vw, 2560px\" \/><\/a><\/p>\n<p>Destaque nesta prova para a competi\u00e7\u00e3o masculina, com os tr\u00eas primeiros a conseguirem marcas acima dos 500 pontos e a disputar o primeiro lugar at\u00e9 \u00e0 \u00faltima flecha atirada. Lu\u00eds Silva (CAMadeira) conseguiu superar os colegas de equipa, arrecadando 510 pontos. A segunda posi\u00e7\u00e3o foi para Dion\u00edsio Sousa que surpreendeu chegando aos 506 pontos, a sua melhor marca da \u00e9poca, e suficiente para garantir o p\u00f3dio, superando Sid\u00f3nio Jesus que obteve 504 pontos e ficou-se pela terceira posi\u00e7\u00e3o.<\/p>\n<p><a href=\"http:\/\/arco.camadeira.com\/wp-content\/uploads\/2021\/08\/P1510577-scaled.jpg\"><img loading=\"lazy\" class=\"alignnone size-full wp-image-2084\" src=\"http:\/\/arco.camadeira.com\/wp-content\/uploads\/2021\/08\/P1510577-scaled.jpg\" alt=\"\" width=\"2560\" height=\"1920\" srcset=\"http:\/\/arco.camadeira.com\/wp-content\/uploads\/2021\/08\/P1510577-scaled.jpg 2560w, http:\/\/arco.camadeira.com\/wp-content\/uploads\/2021\/08\/P1510577-300x225.jpg 300w, http:\/\/arco.camadeira.com\/wp-content\/uploads\/2021\/08\/P1510577-1024x768.jpg 1024w, http:\/\/arco.camadeira.com\/wp-content\/uploads\/2021\/08\/P1510577-768x576.jpg 768w, http:\/\/arco.camadeira.com\/wp-content\/uploads\/2021\/08\/P1510577-1536x1152.jpg 1536w, http:\/\/arco.camadeira.com\/wp-content\/uploads\/2021\/08\/P1510577-2048x1536.jpg 2048w\" sizes=\"(max-width: 2560px) 100vw, 2560px\" \/><\/a><\/p>\n<p>A competi\u00e7\u00e3o s\u00e9nior feminina contou somente com a participa\u00e7\u00e3o de Eug\u00e9nia Azevedo (CAMadeira) que registou a pontua\u00e7\u00e3o de 425 pontos.<\/p>\n<p>Emily Baglioni esteve em destaque no escal\u00e3o Juvenis, conseguiu 497 pontos, na sua prova a 18 metros, alvo simples de 40cm, confirmando uma evolu\u00e7\u00e3o pontual significativa.<\/p>\n<p><a href=\"http:\/\/arco.camadeira.com\/wp-content\/uploads\/2021\/08\/P1510608-2-scaled.jpg\"><img loading=\"lazy\" class=\"alignnone size-full wp-image-2083\" src=\"http:\/\/arco.camadeira.com\/wp-content\/uploads\/2021\/08\/P1510608-2-scaled.jpg\" alt=\"\" width=\"2560\" height=\"1920\" srcset=\"http:\/\/arco.camadeira.com\/wp-content\/uploads\/2021\/08\/P1510608-2-scaled.jpg 2560w, http:\/\/arco.camadeira.com\/wp-content\/uploads\/2021\/08\/P1510608-2-300x225.jpg 300w, http:\/\/arco.camadeira.com\/wp-content\/uploads\/2021\/08\/P1510608-2-1024x768.jpg 1024w, http:\/\/arco.camadeira.com\/wp-content\/uploads\/2021\/08\/P1510608-2-768x576.jpg 768w, http:\/\/arco.camadeira.com\/wp-content\/uploads\/2021\/08\/P1510608-2-1536x1152.jpg 1536w, http:\/\/arco.camadeira.com\/wp-content\/uploads\/2021\/08\/P1510608-2-2048x1536.jpg 2048w\" sizes=\"(max-width: 2560px) 100vw, 2560px\" \/><\/a><\/p>\n<p>No veteranos Jos\u00e9 Nunes obteve 270 pontos, e nos jovens, Salvador Teixeira arrecadou 151 pontos na promo\u00e7\u00e3o 10m, e Pedro Ferro, 130 pontos no escal\u00e3o Robins.<\/p>\n<p>A duas provas do final do campeonato de Sala, Lu\u00eds Silva \u00e9 l\u00edder nos masculinos com 2040 pontos e Eug\u00e9nia Azevedo nos femininos, com 1770 pontos.<\/p>\n<p><a href=\"http:\/\/arco.camadeira.com\/wp-content\/uploads\/2021\/08\/Resultados-8.a-Prova-Tiro-Com-Arco-Sala-2020-2021.pdf\">Resultados 8.\u00aa Prova Tiro Com Arco Sala 2020-2021<\/a><\/p>\n","protected":false},"excerpt":{"rendered":"<p>A 8.\u00aa Prova do Campeonato Regional de Tiro Com Arco em Sala disputou-se no pavilh\u00e3o da Ribeira Brava, no passado domingo, 22 de agosto, com a participa\u00e7\u00e3o de 13 arqueiros. A prova disputou no formato Open sem eliminat\u00f3rias, com os arqueiros a atirar 60 flechas, para um m\u00e1ximo de 600 pontos poss\u00edveis. Destaque nesta prova &hellip; <\/p>\n<p><a class=\"more-link block-button\" href=\"http:\/\/arco.camadeira.com\/?p=2070\">Continue a ler &raquo;<\/a><\/p>\n","protected":false},"author":1,"featured_media":0,"comment_status":"closed","ping_status":"open","sticky":false,"template":"","format":"standard","meta":[],"categories":[1],"tags":[],"_links":{"self":[{"href":"http:\/\/arco.camadeira.com\/index.php?rest_route=\/wp\/v2\/posts\/2070"}],"collection":[{"href":"http:\/\/arco.camadeira.com\/index.php?rest_route=\/wp\/v2\/posts"}],"about":[{"href":"http:\/\/arco.camadeira.com\/index.php?rest_route=\/wp\/v2\/types\/post"}],"author":[{"embeddable":true,"href":"http:\/\/arco.camadeira.com\/index.php?rest_route=\/wp\/v2\/users\/1"}],"replies":[{"embeddable":true,"href":"http:\/\/arco.camadeira.com\/index.php?rest_route=%2Fwp%2Fv2%2Fcomments&post=2070"}],"version-history":[{"count":5,"href":"http:\/\/arco.camadeira.com\/index.php?rest_route=\/wp\/v2\/posts\/2070\/revisions"}],"predecessor-version":[{"id":2085,"href":"http:\/\/arco.camadeira.com\/index.php?rest_route=\/wp\/v2\/posts\/2070\/revisions\/2085"}],"wp:attachment":[{"href":"http:\/\/arco.camadeira.com\/index.php?rest_route=%2Fwp%2Fv2%2Fmedia&parent=2070"}],"wp:term":[{"taxonomy":"category","embeddable":true,"href":"http:\/\/arco.camadeira.com\/index.php?rest_route=%2Fwp%2Fv2%2Fcategories&post=2070"},{"taxonomy":"post_tag","embeddable":true,"href":"http:\/\/arco.camadeira.com\/index.php?rest_route=%2Fwp%2Fv2%2Ftags&post=2070"}],"curies":[{"name":"wp","href":"https:\/\/api.w.org\/{rel}","templated":true}]}}