{"id":2015,"date":"2021-08-02T21:32:26","date_gmt":"2021-08-02T21:32:26","guid":{"rendered":"http:\/\/arco.camadeira.com\/?p=2015"},"modified":"2021-08-03T11:46:16","modified_gmt":"2021-08-03T11:46:16","slug":"7-a-prova-regional-de-sala-com-13-arqueiros-no-pavilhao-da-ribeira-brava","status":"publish","type":"post","link":"http:\/\/arco.camadeira.com\/?p=2015","title":{"rendered":"7.\u00aa Prova Regional de Sala com 13 arqueiros no Pavilh\u00e3o da Ribeira Brava"},"content":{"rendered":"<p>O Clube Aventura da Madeira organizou a 7.\u00aa Prova pontu\u00e1vel para o Campeonato Regional de Tiro Com Arco em Sala, arco recurvo, no pavilh\u00e3o da Ribeira Brava, competi\u00e7\u00e3o que decorreu na manh\u00e3 no passado domingo, 1 de agosto.<\/p>\n<p>Marcaram presen\u00e7a 13 arqueiros, para uma prova Open sem eliminat\u00f3rias, com os arqueiros a atirar um total de 60 flechas, a uma dist\u00e2ncia m\u00e1xima de 18 metros.<\/p>\n<p><a href=\"http:\/\/arco.camadeira.com\/wp-content\/uploads\/2021\/08\/P1500660.jpg\"><img loading=\"lazy\" class=\"alignnone size-full wp-image-2023\" src=\"http:\/\/arco.camadeira.com\/wp-content\/uploads\/2021\/08\/P1500660.jpg\" alt=\"\" width=\"1600\" height=\"1200\" srcset=\"http:\/\/arco.camadeira.com\/wp-content\/uploads\/2021\/08\/P1500660.jpg 1600w, http:\/\/arco.camadeira.com\/wp-content\/uploads\/2021\/08\/P1500660-300x225.jpg 300w, http:\/\/arco.camadeira.com\/wp-content\/uploads\/2021\/08\/P1500660-1024x768.jpg 1024w, http:\/\/arco.camadeira.com\/wp-content\/uploads\/2021\/08\/P1500660-768x576.jpg 768w, http:\/\/arco.camadeira.com\/wp-content\/uploads\/2021\/08\/P1500660-1536x1152.jpg 1536w\" sizes=\"(max-width: 1600px) 100vw, 1600px\" \/><\/a><\/p>\n<p>Na competi\u00e7\u00e3o masculina Lu\u00eds Silva (Clube Aventura da Madeira) esteve em destaque conseguindo 511 pontos em 600 poss\u00edveis, marca que valeu a 1.\u00aa posi\u00e7\u00e3o. Na segunda posi\u00e7\u00e3o classificou-se Sid\u00f3nio Jesus (Clube Aventura da Madeira) que obteve 503 pontos, e a terceira posi\u00e7\u00e3o foi para Dion\u00edsio Sousa (Clube Aventura da Madeira) com 496 pontos.<\/p>\n<p>Nos femininos, registo para Gra\u00e7a Nunes (UD Santana) que conseguiu a sua melhor marca em sala, com 441 pontos.<\/p>\n<p><a href=\"http:\/\/arco.camadeira.com\/wp-content\/uploads\/2021\/08\/P1500630-2.jpg\"><img loading=\"lazy\" class=\"alignnone size-full wp-image-2024\" src=\"http:\/\/arco.camadeira.com\/wp-content\/uploads\/2021\/08\/P1500630-2.jpg\" alt=\"\" width=\"1600\" height=\"1200\" srcset=\"http:\/\/arco.camadeira.com\/wp-content\/uploads\/2021\/08\/P1500630-2.jpg 1600w, http:\/\/arco.camadeira.com\/wp-content\/uploads\/2021\/08\/P1500630-2-300x225.jpg 300w, http:\/\/arco.camadeira.com\/wp-content\/uploads\/2021\/08\/P1500630-2-1024x768.jpg 1024w, http:\/\/arco.camadeira.com\/wp-content\/uploads\/2021\/08\/P1500630-2-768x576.jpg 768w, http:\/\/arco.camadeira.com\/wp-content\/uploads\/2021\/08\/P1500630-2-1536x1152.jpg 1536w\" sizes=\"(max-width: 1600px) 100vw, 1600px\" \/><\/a><\/p>\n<p>Nos veteranos a vit\u00f3ria foi para Ant\u00f3nio Albano (Clube Aventura da Madeira) com 321 pontos. Nos jovens, destaque para Emily Baglioni (Clube Aventura da Madeira) que obteve a marca de 502 pontos no escal\u00e3o Juvenis, e ainda a participa\u00e7\u00e3o de Salvador Teixeira (Clube Aventura da Madeira) na promo\u00e7\u00e3o a 10 metros com 192 pontos e Pedro Ferro (Clube Aventura da Madeira) nos Robins com 60 pontos.<\/p>\n<p>Ap\u00f3s esta prova mant\u00eam-se l\u00edderes do Campeonato Regional de Sala, Lu\u00eds Silva nos masculinos e Eug\u00e9nia Azevedo nos femininos.<\/p>\n<p><a href=\"http:\/\/arco.camadeira.com\/wp-content\/uploads\/2021\/08\/Resultados-7.a-Prova-Tiro-Com-Arco-Sala-2020-2021.pdf\">Resultados 7.\u00aa Prova Tiro Com Arco Sala 2020-2021<\/a><\/p>\n<p><a href=\"http:\/\/arco.camadeira.com\/wp-content\/uploads\/2021\/08\/P1500623.jpg\"><img loading=\"lazy\" class=\"alignnone size-full wp-image-2025\" src=\"http:\/\/arco.camadeira.com\/wp-content\/uploads\/2021\/08\/P1500623.jpg\" alt=\"\" width=\"1600\" height=\"1200\" srcset=\"http:\/\/arco.camadeira.com\/wp-content\/uploads\/2021\/08\/P1500623.jpg 1600w, http:\/\/arco.camadeira.com\/wp-content\/uploads\/2021\/08\/P1500623-300x225.jpg 300w, http:\/\/arco.camadeira.com\/wp-content\/uploads\/2021\/08\/P1500623-1024x768.jpg 1024w, http:\/\/arco.camadeira.com\/wp-content\/uploads\/2021\/08\/P1500623-768x576.jpg 768w, http:\/\/arco.camadeira.com\/wp-content\/uploads\/2021\/08\/P1500623-1536x1152.jpg 1536w\" sizes=\"(max-width: 1600px) 100vw, 1600px\" \/><\/a> <a href=\"http:\/\/arco.camadeira.com\/wp-content\/uploads\/2021\/08\/P1500699.jpg\"><img loading=\"lazy\" class=\"alignnone size-full wp-image-2026\" src=\"http:\/\/arco.camadeira.com\/wp-content\/uploads\/2021\/08\/P1500699.jpg\" alt=\"\" width=\"1600\" height=\"1200\" srcset=\"http:\/\/arco.camadeira.com\/wp-content\/uploads\/2021\/08\/P1500699.jpg 1600w, http:\/\/arco.camadeira.com\/wp-content\/uploads\/2021\/08\/P1500699-300x225.jpg 300w, http:\/\/arco.camadeira.com\/wp-content\/uploads\/2021\/08\/P1500699-1024x768.jpg 1024w, http:\/\/arco.camadeira.com\/wp-content\/uploads\/2021\/08\/P1500699-768x576.jpg 768w, http:\/\/arco.camadeira.com\/wp-content\/uploads\/2021\/08\/P1500699-1536x1152.jpg 1536w\" sizes=\"(max-width: 1600px) 100vw, 1600px\" \/><\/a> <a href=\"http:\/\/arco.camadeira.com\/wp-content\/uploads\/2021\/08\/P1500656.jpg\"><img loading=\"lazy\" class=\"alignnone size-full wp-image-2027\" src=\"http:\/\/arco.camadeira.com\/wp-content\/uploads\/2021\/08\/P1500656.jpg\" alt=\"\" width=\"1600\" height=\"1200\" srcset=\"http:\/\/arco.camadeira.com\/wp-content\/uploads\/2021\/08\/P1500656.jpg 1600w, http:\/\/arco.camadeira.com\/wp-content\/uploads\/2021\/08\/P1500656-300x225.jpg 300w, http:\/\/arco.camadeira.com\/wp-content\/uploads\/2021\/08\/P1500656-1024x768.jpg 1024w, http:\/\/arco.camadeira.com\/wp-content\/uploads\/2021\/08\/P1500656-768x576.jpg 768w, http:\/\/arco.camadeira.com\/wp-content\/uploads\/2021\/08\/P1500656-1536x1152.jpg 1536w\" sizes=\"(max-width: 1600px) 100vw, 1600px\" \/><\/a> <a href=\"http:\/\/arco.camadeira.com\/wp-content\/uploads\/2021\/08\/P1500641_Moment.jpg\"><img loading=\"lazy\" class=\"alignnone size-full wp-image-2028\" src=\"http:\/\/arco.camadeira.com\/wp-content\/uploads\/2021\/08\/P1500641_Moment.jpg\" alt=\"\" width=\"1600\" height=\"899\" srcset=\"http:\/\/arco.camadeira.com\/wp-content\/uploads\/2021\/08\/P1500641_Moment.jpg 1600w, http:\/\/arco.camadeira.com\/wp-content\/uploads\/2021\/08\/P1500641_Moment-300x169.jpg 300w, http:\/\/arco.camadeira.com\/wp-content\/uploads\/2021\/08\/P1500641_Moment-1024x575.jpg 1024w, http:\/\/arco.camadeira.com\/wp-content\/uploads\/2021\/08\/P1500641_Moment-768x432.jpg 768w, http:\/\/arco.camadeira.com\/wp-content\/uploads\/2021\/08\/P1500641_Moment-1536x863.jpg 1536w\" sizes=\"(max-width: 1600px) 100vw, 1600px\" \/><\/a><\/p>\n","protected":false},"excerpt":{"rendered":"<p>O Clube Aventura da Madeira organizou a 7.\u00aa Prova pontu\u00e1vel para o Campeonato Regional de Tiro Com Arco em Sala, arco recurvo, no pavilh\u00e3o da Ribeira Brava, competi\u00e7\u00e3o que decorreu na manh\u00e3 no passado domingo, 1 de agosto. Marcaram presen\u00e7a 13 arqueiros, para uma prova Open sem eliminat\u00f3rias, com os arqueiros a atirar um total &hellip; <\/p>\n<p><a class=\"more-link block-button\" href=\"http:\/\/arco.camadeira.com\/?p=2015\">Continue a ler &raquo;<\/a><\/p>\n","protected":false},"author":1,"featured_media":0,"comment_status":"closed","ping_status":"open","sticky":false,"template":"","format":"standard","meta":[],"categories":[1],"tags":[],"_links":{"self":[{"href":"http:\/\/arco.camadeira.com\/index.php?rest_route=\/wp\/v2\/posts\/2015"}],"collection":[{"href":"http:\/\/arco.camadeira.com\/index.php?rest_route=\/wp\/v2\/posts"}],"about":[{"href":"http:\/\/arco.camadeira.com\/index.php?rest_route=\/wp\/v2\/types\/post"}],"author":[{"embeddable":true,"href":"http:\/\/arco.camadeira.com\/index.php?rest_route=\/wp\/v2\/users\/1"}],"replies":[{"embeddable":true,"href":"http:\/\/arco.camadeira.com\/index.php?rest_route=%2Fwp%2Fv2%2Fcomments&post=2015"}],"version-history":[{"count":3,"href":"http:\/\/arco.camadeira.com\/index.php?rest_route=\/wp\/v2\/posts\/2015\/revisions"}],"predecessor-version":[{"id":2029,"href":"http:\/\/arco.camadeira.com\/index.php?rest_route=\/wp\/v2\/posts\/2015\/revisions\/2029"}],"wp:attachment":[{"href":"http:\/\/arco.camadeira.com\/index.php?rest_route=%2Fwp%2Fv2%2Fmedia&parent=2015"}],"wp:term":[{"taxonomy":"category","embeddable":true,"href":"http:\/\/arco.camadeira.com\/index.php?rest_route=%2Fwp%2Fv2%2Fcategories&post=2015"},{"taxonomy":"post_tag","embeddable":true,"href":"http:\/\/arco.camadeira.com\/index.php?rest_route=%2Fwp%2Fv2%2Ftags&post=2015"}],"curies":[{"name":"wp","href":"https:\/\/api.w.org\/{rel}","templated":true}]}}