{"id":1318,"date":"2019-03-31T18:17:52","date_gmt":"2019-03-31T18:17:52","guid":{"rendered":"http:\/\/arco.camadeira.com\/?p=1318"},"modified":"2019-03-31T23:51:58","modified_gmt":"2019-03-31T23:51:58","slug":"resultados-10-a-prova-sala-campeonato-regional-20182019","status":"publish","type":"post","link":"http:\/\/arco.camadeira.com\/?p=1318","title":{"rendered":"10.\u00aa Prova de Sala em Santana contou com 23 arqueiros e encerrou Campeonato Regional 2018\/2019"},"content":{"rendered":"<p style=\"text-align: justify;\"><strong>Lu\u00eds Ferreira bate recorde em provas regionais com 564 pontos<\/strong><\/p>\n<p style=\"text-align: justify;\"><strong>P\u00f3dio in\u00e9dito nas provas regionais no escal\u00e3o s\u00e9nior &#8211; Tr\u00eas arqueiros com pontua\u00e7\u00f5es iguais ou superiores a 500 pontos<\/strong><br \/>\n<a href=\"http:\/\/arco.camadeira.com\/wp-content\/uploads\/2019\/03\/luis-ferreira.jpg\"><img loading=\"lazy\" class=\"alignnone size-full wp-image-1325\" src=\"http:\/\/arco.camadeira.com\/wp-content\/uploads\/2019\/03\/luis-ferreira.jpg\" alt=\"luis ferreira\" width=\"821\" height=\"623\" srcset=\"http:\/\/arco.camadeira.com\/wp-content\/uploads\/2019\/03\/luis-ferreira.jpg 821w, http:\/\/arco.camadeira.com\/wp-content\/uploads\/2019\/03\/luis-ferreira-300x227.jpg 300w\" sizes=\"(max-width: 821px) 100vw, 821px\" \/><\/a><\/p>\n<p style=\"text-align: justify;\">O pavilh\u00e3o de Santana recebeu a 10.\u00aa e \u00faltima prova do Campeonato Regional de Tiro Com Arco em Sala- 2018\/2019, numa organiza\u00e7\u00e3o do Clube Aventura da Madeira, que contou com a participa\u00e7\u00e3o de 23 arqueiros.<\/p>\n<p style=\"text-align: justify;\">A estreia das competi\u00e7\u00f5es de Tiro Com Arco em sala em Santana ficou marcada pela melhor marca de sempre numa prova disputada na Regi\u00e3o, com Lu\u00eds Ferreira do Clube de Tiro Com Arco da Madeira (CTAM) a obter 564 pontos em 600 poss\u00edveis e a primeira posi\u00e7\u00e3o no escal\u00e3o S\u00e9nior Masculino. Na segunda posi\u00e7\u00e3o classificou-se Sid\u00f3nio Jesus do Clube Aventura da Madeira (CAMadeira) com 505 pontos e na terceira posi\u00e7\u00e3o, Francisco Carvalho (CAMadeira), que atingiu pela primeira vez os 500 pontos, e contribuiu para outro registo nesta prova a norte, que pela primeira vez no historial das provas regionais teve tr\u00eas arqueiros no p\u00f3dio com 500 ou mais pontos.<br \/>\nNa competi\u00e7\u00e3o feminina S\u00e9nior, Eug\u00e9nia Azevedo (CAMadeira) venceu com 465 pontos e Laura Albano (CAMadeira) somou 278 pontos e confirmou a segunda posi\u00e7\u00e3o.<\/p>\n<p><a href=\"http:\/\/arco.camadeira.com\/wp-content\/uploads\/2019\/03\/santana-arco-1.jpg\"><img loading=\"lazy\" class=\"alignnone size-full wp-image-1331\" src=\"http:\/\/arco.camadeira.com\/wp-content\/uploads\/2019\/03\/santana-arco-1.jpg\" alt=\"santana arco 1\" width=\"1024\" height=\"683\" srcset=\"http:\/\/arco.camadeira.com\/wp-content\/uploads\/2019\/03\/santana-arco-1.jpg 1024w, http:\/\/arco.camadeira.com\/wp-content\/uploads\/2019\/03\/santana-arco-1-300x200.jpg 300w\" sizes=\"(max-width: 1024px) 100vw, 1024px\" \/><\/a><\/p>\n<p style=\"text-align: justify;\">Nos escal\u00f5es jovens, Hugo Alves (CTAM) venceu nos juniores, Adriana Abreu (CAMadeira) e Afonso Fernandes (CTAM) venceram nos Juvenis.<br \/>\nNos escal\u00f5es de promo\u00e7\u00e3o, a 18 metros, Carla Monteiro (CAMadeira) e Virg\u00edlio Abreu (UD Santana) foram os mais certeiros, tendo na competi\u00e7\u00e3o a 10 metros, Jorge Reis (UD Santana) e Gra\u00e7a Nunes (UD Santana) como vencedores.<\/p>\n<ul>\n<li><a href=\"http:\/\/arco.camadeira.com\/wp-content\/uploads\/2019\/03\/Resultados-10.\u00aa-Prova-Sala-2018-2019.pdf\">Resultados 10.\u00aa Prova Sala 2018-2019<\/a><\/li>\n<\/ul>\n<p><a href=\"http:\/\/arco.camadeira.com\/wp-content\/uploads\/2019\/03\/DSC_9936.jpg\"><img loading=\"lazy\" class=\"alignnone size-full wp-image-1332\" src=\"http:\/\/arco.camadeira.com\/wp-content\/uploads\/2019\/03\/DSC_9936.jpg\" alt=\"DSC_9936\" width=\"1024\" height=\"683\" srcset=\"http:\/\/arco.camadeira.com\/wp-content\/uploads\/2019\/03\/DSC_9936.jpg 1024w, http:\/\/arco.camadeira.com\/wp-content\/uploads\/2019\/03\/DSC_9936-300x200.jpg 300w\" sizes=\"(max-width: 1024px) 100vw, 1024px\" \/><\/a><\/p>\n","protected":false},"excerpt":{"rendered":"<p>Lu\u00eds Ferreira bate recorde em provas regionais com 564 pontos P\u00f3dio in\u00e9dito nas provas regionais no escal\u00e3o s\u00e9nior &#8211; Tr\u00eas arqueiros com pontua\u00e7\u00f5es iguais ou superiores a 500 pontos O pavilh\u00e3o de Santana recebeu a 10.\u00aa e \u00faltima prova do Campeonato Regional de Tiro Com Arco em Sala- 2018\/2019, numa organiza\u00e7\u00e3o do Clube Aventura da &hellip; <\/p>\n<p><a class=\"more-link block-button\" href=\"http:\/\/arco.camadeira.com\/?p=1318\">Continue a ler &raquo;<\/a><\/p>\n","protected":false},"author":1,"featured_media":0,"comment_status":"closed","ping_status":"open","sticky":false,"template":"","format":"standard","meta":[],"categories":[1],"tags":[],"_links":{"self":[{"href":"http:\/\/arco.camadeira.com\/index.php?rest_route=\/wp\/v2\/posts\/1318"}],"collection":[{"href":"http:\/\/arco.camadeira.com\/index.php?rest_route=\/wp\/v2\/posts"}],"about":[{"href":"http:\/\/arco.camadeira.com\/index.php?rest_route=\/wp\/v2\/types\/post"}],"author":[{"embeddable":true,"href":"http:\/\/arco.camadeira.com\/index.php?rest_route=\/wp\/v2\/users\/1"}],"replies":[{"embeddable":true,"href":"http:\/\/arco.camadeira.com\/index.php?rest_route=%2Fwp%2Fv2%2Fcomments&post=1318"}],"version-history":[{"count":12,"href":"http:\/\/arco.camadeira.com\/index.php?rest_route=\/wp\/v2\/posts\/1318\/revisions"}],"predecessor-version":[{"id":1337,"href":"http:\/\/arco.camadeira.com\/index.php?rest_route=\/wp\/v2\/posts\/1318\/revisions\/1337"}],"wp:attachment":[{"href":"http:\/\/arco.camadeira.com\/index.php?rest_route=%2Fwp%2Fv2%2Fmedia&parent=1318"}],"wp:term":[{"taxonomy":"category","embeddable":true,"href":"http:\/\/arco.camadeira.com\/index.php?rest_route=%2Fwp%2Fv2%2Fcategories&post=1318"},{"taxonomy":"post_tag","embeddable":true,"href":"http:\/\/arco.camadeira.com\/index.php?rest_route=%2Fwp%2Fv2%2Ftags&post=1318"}],"curies":[{"name":"wp","href":"https:\/\/api.w.org\/{rel}","templated":true}]}}