{"id":1269,"date":"2019-03-03T20:18:13","date_gmt":"2019-03-03T20:18:13","guid":{"rendered":"http:\/\/arco.camadeira.com\/?p=1269"},"modified":"2019-03-04T17:49:44","modified_gmt":"2019-03-04T17:49:44","slug":"francisco-carvalho-e-eugenia-azevedo-vencem-7-a-prova-de-sala","status":"publish","type":"post","link":"http:\/\/arco.camadeira.com\/?p=1269","title":{"rendered":"Francisco Carvalho e Eug\u00e9nia Azevedo vencem 7.\u00aa Prova de Sala"},"content":{"rendered":"<p>Disputou-se\u00a0 no passado domingo,\u00a03 de Mar\u00e7o de 2019, a 7.\u00aa Prova do Campeonato Regional de Sala, em arco recurvo, com organiza\u00e7\u00e3o do CTAM. O Clube Aventura da Madeira esteve muito bem representando com a\u00a0 participa\u00e7\u00e3o de 7 arqueiros.<\/p>\n<p>Os\u00a0arqueiros\u00a0do Clube Aventura da Madeira estiveram em destaque, com Francisco Carvalho a vencer o escal\u00e3o S\u00e9nior, na segunda posi\u00e7\u00e3o Dion\u00edsio Sousa e na terceira posi\u00e7\u00e3o Francisco Jesus. Nos Seniores, Eug\u00e9nia Azevedo arrecadou mais uma vit\u00f3ria para o seu longo curr\u00edculo.<\/p>\n<p><a href=\"http:\/\/arco.camadeira.com\/wp-content\/uploads\/2019\/03\/IMG-20190303-WA0002.jpg\"><img loading=\"lazy\" class=\"alignnone wp-image-1271\" src=\"http:\/\/arco.camadeira.com\/wp-content\/uploads\/2019\/03\/IMG-20190303-WA0002-1024x768.jpg\" alt=\"IMG-20190303-WA0002\" width=\"623\" height=\"467\" srcset=\"http:\/\/arco.camadeira.com\/wp-content\/uploads\/2019\/03\/IMG-20190303-WA0002-1024x768.jpg 1024w, http:\/\/arco.camadeira.com\/wp-content\/uploads\/2019\/03\/IMG-20190303-WA0002-300x225.jpg 300w, http:\/\/arco.camadeira.com\/wp-content\/uploads\/2019\/03\/IMG-20190303-WA0002.jpg 1600w\" sizes=\"(max-width: 623px) 100vw, 623px\" \/><\/a> <a href=\"http:\/\/arco.camadeira.com\/wp-content\/uploads\/2019\/03\/IMG-20190303-WA0003.jpg\"><img loading=\"lazy\" class=\"alignnone  wp-image-1272\" src=\"http:\/\/arco.camadeira.com\/wp-content\/uploads\/2019\/03\/IMG-20190303-WA0003.jpg\" alt=\"IMG-20190303-WA0003\" width=\"628\" height=\"471\" srcset=\"http:\/\/arco.camadeira.com\/wp-content\/uploads\/2019\/03\/IMG-20190303-WA0003.jpg 1600w, http:\/\/arco.camadeira.com\/wp-content\/uploads\/2019\/03\/IMG-20190303-WA0003-300x225.jpg 300w, http:\/\/arco.camadeira.com\/wp-content\/uploads\/2019\/03\/IMG-20190303-WA0003-1024x768.jpg 1024w\" sizes=\"(max-width: 628px) 100vw, 628px\" \/><\/a><\/p>\n","protected":false},"excerpt":{"rendered":"<p>Disputou-se\u00a0 no passado domingo,\u00a03 de Mar\u00e7o de 2019, a 7.\u00aa Prova do Campeonato Regional de Sala, em arco recurvo, com organiza\u00e7\u00e3o do CTAM. O Clube Aventura da Madeira esteve muito bem representando com a\u00a0 participa\u00e7\u00e3o de 7 arqueiros. Os\u00a0arqueiros\u00a0do Clube Aventura da Madeira estiveram em destaque, com Francisco Carvalho a vencer o escal\u00e3o S\u00e9nior, na &hellip; <\/p>\n<p><a class=\"more-link block-button\" href=\"http:\/\/arco.camadeira.com\/?p=1269\">Continue a ler &raquo;<\/a><\/p>\n","protected":false},"author":1,"featured_media":0,"comment_status":"closed","ping_status":"open","sticky":false,"template":"","format":"standard","meta":[],"categories":[1],"tags":[],"_links":{"self":[{"href":"http:\/\/arco.camadeira.com\/index.php?rest_route=\/wp\/v2\/posts\/1269"}],"collection":[{"href":"http:\/\/arco.camadeira.com\/index.php?rest_route=\/wp\/v2\/posts"}],"about":[{"href":"http:\/\/arco.camadeira.com\/index.php?rest_route=\/wp\/v2\/types\/post"}],"author":[{"embeddable":true,"href":"http:\/\/arco.camadeira.com\/index.php?rest_route=\/wp\/v2\/users\/1"}],"replies":[{"embeddable":true,"href":"http:\/\/arco.camadeira.com\/index.php?rest_route=%2Fwp%2Fv2%2Fcomments&post=1269"}],"version-history":[{"count":4,"href":"http:\/\/arco.camadeira.com\/index.php?rest_route=\/wp\/v2\/posts\/1269\/revisions"}],"predecessor-version":[{"id":1275,"href":"http:\/\/arco.camadeira.com\/index.php?rest_route=\/wp\/v2\/posts\/1269\/revisions\/1275"}],"wp:attachment":[{"href":"http:\/\/arco.camadeira.com\/index.php?rest_route=%2Fwp%2Fv2%2Fmedia&parent=1269"}],"wp:term":[{"taxonomy":"category","embeddable":true,"href":"http:\/\/arco.camadeira.com\/index.php?rest_route=%2Fwp%2Fv2%2Fcategories&post=1269"},{"taxonomy":"post_tag","embeddable":true,"href":"http:\/\/arco.camadeira.com\/index.php?rest_route=%2Fwp%2Fv2%2Ftags&post=1269"}],"curies":[{"name":"wp","href":"https:\/\/api.w.org\/{rel}","templated":true}]}}