{"id":1266,"date":"2019-03-03T23:13:53","date_gmt":"2019-03-03T23:13:53","guid":{"rendered":"http:\/\/arco.camadeira.com\/?p=1266"},"modified":"2019-03-04T20:50:56","modified_gmt":"2019-03-04T20:50:56","slug":"8-a-prova-campeonato-regional-sala-10-marco-2019","status":"publish","type":"post","link":"http:\/\/arco.camadeira.com\/?p=1266","title":{"rendered":"8.\u00aa Prova Campeonato Regional Sala &#8211; 10 mar\u00e7o 2019"},"content":{"rendered":"<p>O Clube Aventura da Madeira anuncia a realiza\u00e7\u00e3o da 8.\u00aa prova da competi\u00e7\u00e3o regional de Sala, em evento a realizar no pr\u00f3ximo dia\u00a010 mar\u00e7o de 2019, <strong>no pavilh\u00e3o de Machico<\/strong>, de acordo com o seguinte:<\/p>\n<p>&nbsp;<\/p>\n<ul>\n<ul>\n<li><a href=\"https:\/\/docs.google.com\/forms\/d\/e\/1FAIpQLSfdR8AyIWCRwpsoKpj5bBDZonjer8CSDCtEHSXyMJGoMh5NrQ\/viewform\" target=\"_blank\">INSCRI\u00c7\u00d5ES at\u00e9 6 mar\u00e7o 2019<\/a>\u00a0(data limite quarta-feira anterior \u00e0 prova)<\/li>\n<\/ul>\n<\/ul>\n<p>&nbsp;<\/p>\n<p><strong>Competi\u00e7\u00e3o Regional Madeira 2018\/2019 \u2013 Sala Arco Recurvo<\/strong><\/p>\n<p><strong>Regulamento \u2013 8.\u00aa Prova<\/strong><\/p>\n<p>Data:\u00a010 mar\u00e7o 2019<\/p>\n<p>Local: <strong>Pavilh\u00e3o de Machico<\/strong><\/p>\n<p>Organiza\u00e7\u00e3o: Clube Aventura da Madeira<\/p>\n<p>Prova: Competi\u00e7\u00e3o Regional Madeira de Sala 2018\/2019, prova Local, tipo Open sem eliminat\u00f3ria de 2 vezes 30 flechas, de acordo com o Regulamento de Organiza\u00e7\u00e3o de Quadros Competitivos da FPTA, com participa\u00e7\u00e3o exclusiva a arqueiros federados:<\/p>\n<p><strong>Divis\u00e3o Recurvo<\/strong><\/p>\n<p>\u2013 Flechas 2\u00d730 flechas a 10m alvo de 80cm<\/p>\n<p>\u2013 Robins 2\u00d730 flechas a 18m alvo de 80cm<\/p>\n<p>\u2013 Juvenis 2\u00d730 flechas a 18m alvo de 40cm<\/p>\n<p>\u2013 Cadetes 2\u00d730 flechas a 18m alvo de 40cm<\/p>\n<p>\u2013 Juniores, Seniores 2\u00d730 flechas a 18m alvo simples de 40cm<\/p>\n<p>\u2013 Juniores e Seniores 2\u00d730 flechas a 18m alvo tripo<\/p>\n<p>\u2013 Promo\u00e7\u00e3o \u2013 10 metros alvos simples de 40cm**<\/p>\n<p>** Caso o n\u00famero de arqueiros\/arqueiras inscritas at\u00e9 ao prazo limite seja superior a 3 em cada g\u00e9nero a prova de promo\u00e7\u00e3o ser\u00e1 divida por g\u00e9nero.<\/p>\n<p>Admiss\u00e3o: A todos os arqueiros devidamente inscritos na FPTA, na \u00e9poca de Campo 2018\/2019.<\/p>\n<p>Inscri\u00e7\u00f5es: At\u00e9 \u00e0s 24 horas do dia\u00a06 de mar\u00e7o de 2019, on-line no s\u00edtio na internet: www.arco.camadeira.compreenchendo os seguintes dados: Nome do Arqueiro; Escal\u00e3o; Clube; N.\u00ba FPTA; Tipo de alvo, simples ou triplo.<\/p>\n<p><strong>Taxa de Inscri\u00e7\u00e3o<\/strong><\/p>\n<p>-Todas as categorias \u2013 3 \u20ac<\/p>\n<p>Todas as inscri\u00e7\u00f5es ser\u00e3o consideradas para efeito de cobran\u00e7a, se n\u00e3o forem desmarcadas at\u00e9 \u00e0 data limite de<\/p>\n<p>inscri\u00e7\u00e3o \u2013 Quarta-feira antes da data da prova.<\/p>\n<p><strong>Programa<\/strong><\/p>\n<p>09h20 \u2013 Concentra\u00e7\u00e3o dos Arqueiros<\/p>\n<p>09h30 \u2013 In\u00edcio tempo de aquecimento<\/p>\n<p>10h00 \u2013 In\u00edcio do Open \u2013 Intervalo de 20 minutos (ap\u00f3s as primeiras 30 flechas);<\/p>\n<p>13h00 \u2013 Previs\u00e3o Cerim\u00f3nia de Entrega de Pr\u00e9mios.<\/p>\n<p>Nota: Caso o n\u00famero de arqueiros seja superior a disponibilidade log\u00edstica, os arqueiros poder\u00e3o ser agrupados em dois grupos que disputar\u00e3o a sua prova em hor\u00e1rio a definir.<\/p>\n<p><strong>Pr\u00e9mios<\/strong><\/p>\n<p>Medalhas para os 3 primeiros classificados de cada Escal\u00e3o\/Categoria, exceto para Seniores a atirar para alvo simples.<\/p>\n<p>Vestu\u00e1rio<\/p>\n<p>Preferencialmente, equipamento do Clube, cal\u00e7ado desportivo adequado (cal\u00e7ado desportivo, sapatilha).<\/p>\n<p><strong>Regras de Tiro<\/strong><\/p>\n<p>Divis\u00e3o Recurvo OPEN \u2013 2 minutos para atirar 3 flechas;<\/p>\n<p>Acesso \u00e0 participa\u00e7\u00e3o \u2013 Apresenta\u00e7\u00e3o de Cart\u00e3o FPTA v\u00e1lido ou fazer prova de filia\u00e7\u00e3o.<\/p>\n","protected":false},"excerpt":{"rendered":"<p>O Clube Aventura da Madeira anuncia a realiza\u00e7\u00e3o da 8.\u00aa prova da competi\u00e7\u00e3o regional de Sala, em evento a realizar no pr\u00f3ximo dia\u00a010 mar\u00e7o de 2019, no pavilh\u00e3o de Machico, de acordo com o seguinte: &nbsp; INSCRI\u00c7\u00d5ES at\u00e9 6 mar\u00e7o 2019\u00a0(data limite quarta-feira anterior \u00e0 prova) &nbsp; Competi\u00e7\u00e3o Regional Madeira 2018\/2019 \u2013 Sala Arco Recurvo &hellip; <\/p>\n<p><a class=\"more-link block-button\" href=\"http:\/\/arco.camadeira.com\/?p=1266\">Continue a ler &raquo;<\/a><\/p>\n","protected":false},"author":1,"featured_media":0,"comment_status":"closed","ping_status":"open","sticky":false,"template":"","format":"standard","meta":[],"categories":[1],"tags":[],"_links":{"self":[{"href":"http:\/\/arco.camadeira.com\/index.php?rest_route=\/wp\/v2\/posts\/1266"}],"collection":[{"href":"http:\/\/arco.camadeira.com\/index.php?rest_route=\/wp\/v2\/posts"}],"about":[{"href":"http:\/\/arco.camadeira.com\/index.php?rest_route=\/wp\/v2\/types\/post"}],"author":[{"embeddable":true,"href":"http:\/\/arco.camadeira.com\/index.php?rest_route=\/wp\/v2\/users\/1"}],"replies":[{"embeddable":true,"href":"http:\/\/arco.camadeira.com\/index.php?rest_route=%2Fwp%2Fv2%2Fcomments&post=1266"}],"version-history":[{"count":3,"href":"http:\/\/arco.camadeira.com\/index.php?rest_route=\/wp\/v2\/posts\/1266\/revisions"}],"predecessor-version":[{"id":1277,"href":"http:\/\/arco.camadeira.com\/index.php?rest_route=\/wp\/v2\/posts\/1266\/revisions\/1277"}],"wp:attachment":[{"href":"http:\/\/arco.camadeira.com\/index.php?rest_route=%2Fwp%2Fv2%2Fmedia&parent=1266"}],"wp:term":[{"taxonomy":"category","embeddable":true,"href":"http:\/\/arco.camadeira.com\/index.php?rest_route=%2Fwp%2Fv2%2Fcategories&post=1266"},{"taxonomy":"post_tag","embeddable":true,"href":"http:\/\/arco.camadeira.com\/index.php?rest_route=%2Fwp%2Fv2%2Ftags&post=1266"}],"curies":[{"name":"wp","href":"https:\/\/api.w.org\/{rel}","templated":true}]}}